{"id":20,"date":"2016-09-23T11:56:00","date_gmt":"2016-09-23T09:56:00","guid":{"rendered":""},"modified":"2017-10-13T11:04:26","modified_gmt":"2017-10-13T09:04:26","slug":"wer-kennt-diesen-baum","status":"publish","type":"post","link":"https:\/\/casaquerbeet.de\/?p=20","title":{"rendered":"Wer kennt diesen Baum ?"},"content":{"rendered":"<div style=\"clear: both; text-align: center;\">Wer kennt diesen Baum ?<\/div>\n<div style=\"clear: both; text-align: center;\">OK, vielleicht ist es auch keiner.. ihn nenne ihn einfach mal Baum \ud83d\ude42<\/div>\n<div style=\"clear: both; text-align: center;\"><\/div>\n<div style=\"clear: both; text-align: center;\"><a href=\"http:\/\/blog.casaquerbeet.de\/wp-content\/uploads\/2016\/09\/Unbekannter-Baum-07.jpg\"><img loading=\"lazy\" decoding=\"async\" class=\"aligncenter size-medium wp-image-2167\" src=\"http:\/\/blog.casaquerbeet.de\/wp-content\/uploads\/2016\/09\/Unbekannter-Baum-07-225x300.jpg\" alt=\"\" width=\"225\" height=\"300\" srcset=\"https:\/\/casaquerbeet.de\/wp-content\/uploads\/2016\/09\/Unbekannter-Baum-07-225x300.jpg 225w, https:\/\/casaquerbeet.de\/wp-content\/uploads\/2016\/09\/Unbekannter-Baum-07-768x1024.jpg 768w, https:\/\/casaquerbeet.de\/wp-content\/uploads\/2016\/09\/Unbekannter-Baum-07.jpg 1200w\" sizes=\"auto, (max-width: 225px) 100vw, 225px\" \/><\/a><\/div>\n<div style=\"clear: both; text-align: center;\"><\/div>\n<div style=\"clear: both; text-align: center;\">Er hat wirklich sehr gro\u00dfe Bl\u00e4tter, ist an die 3m hoch, schon recht alt&#8230;.<\/div>\n<div style=\"clear: both; text-align: center;\">\n<p>er kam vor gesch\u00e4tzten 20 oder 30 Jahren in das direkte Berliner Umland und hat dort jedem noch so kalten Winter getrotzt&#8230; scheint also absolut winterhart zu sein.<\/p>\n<p><a href=\"http:\/\/blog.casaquerbeet.de\/wp-content\/uploads\/2016\/09\/Unbekannter-Baum-06.jpg\"><img loading=\"lazy\" decoding=\"async\" class=\"size-medium wp-image-2166 alignleft\" src=\"http:\/\/blog.casaquerbeet.de\/wp-content\/uploads\/2016\/09\/Unbekannter-Baum-06-225x300.jpg\" alt=\"\" width=\"225\" height=\"300\" srcset=\"https:\/\/casaquerbeet.de\/wp-content\/uploads\/2016\/09\/Unbekannter-Baum-06-225x300.jpg 225w, https:\/\/casaquerbeet.de\/wp-content\/uploads\/2016\/09\/Unbekannter-Baum-06-768x1024.jpg 768w, https:\/\/casaquerbeet.de\/wp-content\/uploads\/2016\/09\/Unbekannter-Baum-06.jpg 1200w\" sizes=\"auto, (max-width: 225px) 100vw, 225px\" \/><\/a> <a href=\"http:\/\/blog.casaquerbeet.de\/wp-content\/uploads\/2016\/09\/Unbekannter-Baum-05.jpg\"><img loading=\"lazy\" decoding=\"async\" class=\" wp-image-2164 alignleft\" src=\"http:\/\/blog.casaquerbeet.de\/wp-content\/uploads\/2016\/09\/Unbekannter-Baum-05-300x225.jpg\" alt=\"\" width=\"403\" height=\"302\" srcset=\"https:\/\/casaquerbeet.de\/wp-content\/uploads\/2016\/09\/Unbekannter-Baum-05-300x225.jpg 300w, https:\/\/casaquerbeet.de\/wp-content\/uploads\/2016\/09\/Unbekannter-Baum-05-768x576.jpg 768w, https:\/\/casaquerbeet.de\/wp-content\/uploads\/2016\/09\/Unbekannter-Baum-05-1024x768.jpg 1024w, https:\/\/casaquerbeet.de\/wp-content\/uploads\/2016\/09\/Unbekannter-Baum-05.jpg 1600w\" sizes=\"auto, (max-width: 403px) 100vw, 403px\" \/><\/a><a href=\"http:\/\/blog.casaquerbeet.de\/wp-content\/uploads\/2016\/09\/Unbekannter-Baum-04.jpg\"><img loading=\"lazy\" decoding=\"async\" class=\"size-medium wp-image-2163 alignleft\" src=\"http:\/\/blog.casaquerbeet.de\/wp-content\/uploads\/2016\/09\/Unbekannter-Baum-04-225x300.jpg\" alt=\"\" width=\"225\" height=\"300\" srcset=\"https:\/\/casaquerbeet.de\/wp-content\/uploads\/2016\/09\/Unbekannter-Baum-04-225x300.jpg 225w, https:\/\/casaquerbeet.de\/wp-content\/uploads\/2016\/09\/Unbekannter-Baum-04-768x1024.jpg 768w, https:\/\/casaquerbeet.de\/wp-content\/uploads\/2016\/09\/Unbekannter-Baum-04.jpg 1200w\" sizes=\"auto, (max-width: 225px) 100vw, 225px\" \/><\/a><\/p>\n<\/div>\n<div style=\"clear: both; text-align: center;\"><\/div>\n<div style=\"clear: both; text-align: center;\"><\/div>\n<div style=\"clear: both; text-align: center;\">Der Stamm ist trotz seines Alters ziemlich d\u00fcnn geblieben.<\/div>\n<div style=\"clear: both; text-align: center;\">Jeden Herbst wirft das B\u00e4umchen seine Bl\u00e4tter ab um im Fr\u00fchjahr oben neu auszutreiben.<\/div>\n<p><a href=\"http:\/\/blog.casaquerbeet.de\/wp-content\/uploads\/2016\/09\/Unbekannter-Baum-03.jpg\"><img loading=\"lazy\" decoding=\"async\" class=\"aligncenter wp-image-2162\" src=\"http:\/\/blog.casaquerbeet.de\/wp-content\/uploads\/2016\/09\/Unbekannter-Baum-03-225x300.jpg\" alt=\"\" width=\"253\" height=\"337\" srcset=\"https:\/\/casaquerbeet.de\/wp-content\/uploads\/2016\/09\/Unbekannter-Baum-03-225x300.jpg 225w, https:\/\/casaquerbeet.de\/wp-content\/uploads\/2016\/09\/Unbekannter-Baum-03-768x1024.jpg 768w, https:\/\/casaquerbeet.de\/wp-content\/uploads\/2016\/09\/Unbekannter-Baum-03.jpg 1200w\" sizes=\"auto, (max-width: 253px) 100vw, 253px\" \/><\/a><\/p>\n<div style=\"clear: both; text-align: center;\">Die Bl\u00e4tter sind wirklich gro\u00df. Sehr auff\u00e4llig ist diese Einkerbung der Blattspitze. Hat jedes Blatt.<\/div>\n<p><a href=\"http:\/\/blog.casaquerbeet.de\/wp-content\/uploads\/2016\/09\/Unbekannter-Baum-01.jpg\"><img loading=\"lazy\" decoding=\"async\" class=\"aligncenter size-medium wp-image-2160\" src=\"http:\/\/blog.casaquerbeet.de\/wp-content\/uploads\/2016\/09\/Unbekannter-Baum-01-225x300.jpg\" alt=\"\" width=\"225\" height=\"300\" srcset=\"https:\/\/casaquerbeet.de\/wp-content\/uploads\/2016\/09\/Unbekannter-Baum-01-225x300.jpg 225w, https:\/\/casaquerbeet.de\/wp-content\/uploads\/2016\/09\/Unbekannter-Baum-01-768x1024.jpg 768w, https:\/\/casaquerbeet.de\/wp-content\/uploads\/2016\/09\/Unbekannter-Baum-01.jpg 1200w\" sizes=\"auto, (max-width: 225px) 100vw, 225px\" \/><\/a><\/p>\n<div style=\"clear: both; text-align: center;\">&#8218;<\/div>\n<div style=\"clear: both; text-align: center;\"><\/div>\n<div style=\"clear: both; text-align: center;\">Ich finde den so super sch\u00f6n und aufgrund der H\u00f6he w\u00fcrde er sooo gut in unseren Garten passen..<\/div>\n<div style=\"clear: both; text-align: center;\">\n<p>Ausbuddeln bei der Bekannten geht auch nicht.. sie passt auf wie ein Schie\u00dfhund \ud83d\ude00<\/p>\n<\/div>\n<div><a href=\"http:\/\/blog.casaquerbeet.de\/wp-content\/uploads\/2016\/09\/Unbekannter-Baum-02.jpg\"><img loading=\"lazy\" decoding=\"async\" class=\"aligncenter wp-image-2161\" src=\"http:\/\/blog.casaquerbeet.de\/wp-content\/uploads\/2016\/09\/Unbekannter-Baum-02-225x300.jpg\" alt=\"\" width=\"302\" height=\"403\" srcset=\"https:\/\/casaquerbeet.de\/wp-content\/uploads\/2016\/09\/Unbekannter-Baum-02-225x300.jpg 225w, https:\/\/casaquerbeet.de\/wp-content\/uploads\/2016\/09\/Unbekannter-Baum-02-768x1024.jpg 768w, https:\/\/casaquerbeet.de\/wp-content\/uploads\/2016\/09\/Unbekannter-Baum-02.jpg 1200w\" sizes=\"auto, (max-width: 302px) 100vw, 302px\" \/><\/a><\/div>\n<div style=\"clear: both; text-align: center;\"><\/div>\n<h4 style=\"clear: both; text-align: center;\">Also vielleicht hat ja jemand in den Weiten des WWWs eine Idee und kann sachdienliche Hinweise abgeben???<\/h4>\n<div style=\"clear: both; text-align: center;\">W\u00e4re echt toll \ud83d\ude42<\/div>\n<p>&nbsp;<\/p>\n<p><span style=\"border-radius: 2px; text-indent: 20px; width: auto; padding: 0px 4px 0px 0px; text-align: center; font: bold 11px\/20px 'Helvetica Neue',Helvetica,sans-serif; color: #ffffff; background: #bd081c no-repeat scroll 3px 50% \/ 14px 14px; position: absolute; opacity: 1; z-index: 8675309; display: none; cursor: pointer; top: 1844px; left: 451px;\">Merken<\/span><\/p>\n<p><span style=\"border-radius: 2px; text-indent: 20px; width: auto; padding: 0px 4px 0px 0px; text-align: center; font: bold 11px\/20px 'Helvetica Neue',Helvetica,sans-serif; color: #ffffff; background: #bd081c  no-repeat scroll 3px 50% \/ 14px 14px; position: absolute; opacity: 1; z-index: 8675309; display: none; cursor: pointer; top: 116px; left: 490px;\">Merken<\/span><\/p>\n","protected":false},"excerpt":{"rendered":"<p>Wer kennt diesen Baum ? OK, vielleicht ist es auch keiner.. ihn nenne ihn einfach mal Baum \ud83d\ude42 Er hat wirklich sehr gro\u00dfe Bl\u00e4tter, ist an die 3m hoch, schon recht alt&#8230;. er kam&#46;&#46;&#46;<\/p>\n","protected":false},"author":1,"featured_media":142,"comment_status":"open","ping_status":"open","sticky":false,"template":"","format":"standard","meta":{"footnotes":""},"categories":[154,134],"tags":[232,13,233],"class_list":["post-20","post","type-post","status-publish","format-standard","has-post-thumbnail","hentry","category-blog-gefluester","category-haus-garten","tag-baum","tag-garten","tag-unbekannte-pflanze"],"post_mailing_queue_ids":[],"_links":{"self":[{"href":"https:\/\/casaquerbeet.de\/index.php?rest_route=\/wp\/v2\/posts\/20","targetHints":{"allow":["GET"]}}],"collection":[{"href":"https:\/\/casaquerbeet.de\/index.php?rest_route=\/wp\/v2\/posts"}],"about":[{"href":"https:\/\/casaquerbeet.de\/index.php?rest_route=\/wp\/v2\/types\/post"}],"author":[{"embeddable":true,"href":"https:\/\/casaquerbeet.de\/index.php?rest_route=\/wp\/v2\/users\/1"}],"replies":[{"embeddable":true,"href":"https:\/\/casaquerbeet.de\/index.php?rest_route=%2Fwp%2Fv2%2Fcomments&post=20"}],"version-history":[{"count":5,"href":"https:\/\/casaquerbeet.de\/index.php?rest_route=\/wp\/v2\/posts\/20\/revisions"}],"predecessor-version":[{"id":2169,"href":"https:\/\/casaquerbeet.de\/index.php?rest_route=\/wp\/v2\/posts\/20\/revisions\/2169"}],"wp:featuredmedia":[{"embeddable":true,"href":"https:\/\/casaquerbeet.de\/index.php?rest_route=\/wp\/v2\/media\/142"}],"wp:attachment":[{"href":"https:\/\/casaquerbeet.de\/index.php?rest_route=%2Fwp%2Fv2%2Fmedia&parent=20"}],"wp:term":[{"taxonomy":"category","embeddable":true,"href":"https:\/\/casaquerbeet.de\/index.php?rest_route=%2Fwp%2Fv2%2Fcategories&post=20"},{"taxonomy":"post_tag","embeddable":true,"href":"https:\/\/casaquerbeet.de\/index.php?rest_route=%2Fwp%2Fv2%2Ftags&post=20"}],"curies":[{"name":"wp","href":"https:\/\/api.w.org\/{rel}","templated":true}]}}