{"id":3160,"date":"2017-10-21T13:33:56","date_gmt":"2017-10-21T11:33:56","guid":{"rendered":"http:\/\/blog.casaquerbeet.de\/?p=3160"},"modified":"2017-10-21T13:36:52","modified_gmt":"2017-10-21T11:36:52","slug":"warum-wir-unsere-gaerten-im-herbst-in-ruhe-lassen-sollten","status":"publish","type":"post","link":"https:\/\/casaquerbeet.de\/?p=3160","title":{"rendered":"Warum wir unsere G\u00e4rten im Herbst in Ruhe lassen sollten?"},"content":{"rendered":"<p style=\"text-align: left;\">Solange ich einen Garten habe, habe ich immer andere Gartenbesitzer bewundert, bei denen der Garten zum Winter aufger\u00e4umt und total ordentlich ist.\u00a0 Meistens habe ich dann nur so aus Solidarit\u00e4t auch ein wenig &#8222;aufger\u00e4umt&#8220;, aber es forderte mir wirklich alles an Tapferkeit ab was in mir steckt. Nein es war eher Eitelkeit, weil \u00fcberall sah es in den G\u00e4rten ordentlich aus, nur bei mir nicht.<\/p>\n<p>Vom herbstlichen Wetter mal abgesehen,\u00a0 bin kein Freund von Spinnen\u00a0 &amp; Co.\u00a0\u00a0 Also nicht falsch verstehen, ich t\u00f6te keine Spinne und kein Insekt, weil sie die selbe Berechtigung haben auf dieser Welt zu sein wie wir! Der Mensch ist nicht wertvoller weil er ein Mensch ist. Aber ich mag\u00a0 Spinnen und Insekten auch nicht ber\u00fchren, oder das sie mich ber\u00fchren. Mag ich ja bei manchen Menschen erst Recht nicht. Leben und leben lassen.<br \/>\nOK, so ein Marienk\u00e4fer ist total niedlich. Wegen der Punkte. Aber den gucke ich mir auch lieber nicht unter der Lupe an und erhalte mir meine Romantik, dass er anders ist als alle anderen.<br \/>\nUnd gerade beim herbstlichen &#8222;saubermachen&#8220; entfernte ich soviele kleine Insekten unter dem Laub gleich mit.\u00a0 Nein das gefiel mir nicht. Also habe ich mich ein wenig belesen, wahrscheinlich eher aus der Faulheit heraus einen Grund zu finden, warum man im Herbst nichts im Garten machen soll.<br \/>\nIch war \u00fcberrascht das es nur sinnvolle Argumente f\u00fcr meine Tr\u00e4gheit gab.\u00a0 Mein Bauchgef\u00fchl und mein Instinkt waren scheinbar goldrichtig. Eigentlich logisch, denn es muss doch auch einen Sinn machen, warum Laub im Herbst abf\u00e4llt und sich sch\u00fctzend auf den Boden legt. Alles auf dieser Welt hat einen Grund.<\/p>\n<p>Jetzt sind wir wieder bei den Marienk\u00e4fern :beetle:<br \/>\nPl\u00e4tze in Laubhaufen und unter dickem Laub\u00a0 in G\u00e4rten sind bei ihnen beliebt zum \u00fcberleben der unfreundlichen Jahreszeit.\u00a0 Ein Grund mehr einfach den Garten zum Herbst mal der Mutter Natur \u00fcbergeben, sich bei einer Tassee Tee lieber ein gutes Buch schnappen und gl\u00fccklich zu sein, dass so viele n\u00fctzliche Gesellen uns im Fr\u00fchjahr wieder zur Seite stehen. Ein Marienk\u00e4fer bek\u00e4mpft \u00fcbrigens Blattl\u00e4use! Wenn ich im Sommer einen Marienk\u00e4fer finde, setze ich die immer auf irgendeine mit Blattl\u00e4usen befallene Pflanze. OK, das ist gemein f\u00fcr die Blattl\u00e4use, aber der Marienk\u00e4fer hat ja auch Hunger und der f\u00e4ngt gleich an zu fressen.<\/p>\n<p>Achso und es hat sich seitdem noch etwas positiv in meinem Garten ver\u00e4ndert, denn der Boden in den Beeten ist viel besser geworden. Eigentlich ja auch logisch!<\/p>\n<p>Gerade habe ich bei Houzz.de noch einen sehr interessanten Artikel dazu gefunden!!\u00a0 Den sollte jeder mal lesen der gerne und weniger gerne seinen Garten im Herbst auf Ordnung trimmt.<\/p>\n<p>[houzz=https:\/\/www.houzz.de\/ideabooks\/32466799\/list\/7-gruende-warum-sie-ihren-garten-im-herbst-nicht-aufraeumen-sollten w=480]<\/p>\n<p>In diesem Sinne, w\u00fcnsche ich allen Gartenbesitzern einen gem\u00fctlichen Herbst,<br \/>\nfast ohne Gartenarbeit<br \/>\nEure Ilka<\/p>\n","protected":false},"excerpt":{"rendered":"<p>Solange ich einen Garten habe, habe ich immer andere Gartenbesitzer bewundert, bei denen der Garten zum Winter aufger\u00e4umt und total ordentlich ist.\u00a0 Meistens habe ich dann nur so aus Solidarit\u00e4t auch ein wenig &#8222;aufger\u00e4umt&#8220;,&#46;&#46;&#46;<\/p>\n","protected":false},"author":1,"featured_media":3165,"comment_status":"open","ping_status":"open","sticky":false,"template":"","format":"standard","meta":{"footnotes":""},"categories":[154,134],"tags":[13,248,249,251,250],"class_list":["post-3160","post","type-post","status-publish","format-standard","has-post-thumbnail","hentry","category-blog-gefluester","category-haus-garten","tag-garten","tag-herbst","tag-laub","tag-naturgarten","tag-oekogarten"],"post_mailing_queue_ids":[],"_links":{"self":[{"href":"https:\/\/casaquerbeet.de\/index.php?rest_route=\/wp\/v2\/posts\/3160","targetHints":{"allow":["GET"]}}],"collection":[{"href":"https:\/\/casaquerbeet.de\/index.php?rest_route=\/wp\/v2\/posts"}],"about":[{"href":"https:\/\/casaquerbeet.de\/index.php?rest_route=\/wp\/v2\/types\/post"}],"author":[{"embeddable":true,"href":"https:\/\/casaquerbeet.de\/index.php?rest_route=\/wp\/v2\/users\/1"}],"replies":[{"embeddable":true,"href":"https:\/\/casaquerbeet.de\/index.php?rest_route=%2Fwp%2Fv2%2Fcomments&post=3160"}],"version-history":[{"count":6,"href":"https:\/\/casaquerbeet.de\/index.php?rest_route=\/wp\/v2\/posts\/3160\/revisions"}],"predecessor-version":[{"id":3167,"href":"https:\/\/casaquerbeet.de\/index.php?rest_route=\/wp\/v2\/posts\/3160\/revisions\/3167"}],"wp:featuredmedia":[{"embeddable":true,"href":"https:\/\/casaquerbeet.de\/index.php?rest_route=\/wp\/v2\/media\/3165"}],"wp:attachment":[{"href":"https:\/\/casaquerbeet.de\/index.php?rest_route=%2Fwp%2Fv2%2Fmedia&parent=3160"}],"wp:term":[{"taxonomy":"category","embeddable":true,"href":"https:\/\/casaquerbeet.de\/index.php?rest_route=%2Fwp%2Fv2%2Fcategories&post=3160"},{"taxonomy":"post_tag","embeddable":true,"href":"https:\/\/casaquerbeet.de\/index.php?rest_route=%2Fwp%2Fv2%2Ftags&post=3160"}],"curies":[{"name":"wp","href":"https:\/\/api.w.org\/{rel}","templated":true}]}}