{"id":34,"date":"2015-02-24T10:47:00","date_gmt":"2015-02-24T09:47:00","guid":{"rendered":"http:\/\/blog.casaquerbeet.de\/?p=34"},"modified":"2019-02-11T16:01:29","modified_gmt":"2019-02-11T15:01:29","slug":"santorini","status":"publish","type":"post","link":"https:\/\/casaquerbeet.de\/?p=34","title":{"rendered":"Santorin"},"content":{"rendered":"<div>Ja, was gibt es neues ? \u00a0Nicht viel \ud83d\ude42<\/div>\n<div><\/div>\n<div>Der Winter wollte nicht so richtig Winter werden, Schnee gab es fast gar keinen und irgendwie wollte bei mir keine rechte Winterstimmung aufkommen. Schade eigentlich Ich hatte mich so auf gem\u00fctliche Winterabende und verschneite Landschaften gefreut.<\/div>\n<div>Na vielleicht n\u00e4chsten Winter \ud83d\ude42<\/div>\n<div><\/div>\n<div>Mit dem meteorologischen Winter, der sich dem Ende neigt, ging auch gestern unsere Ausstellung in der wunderbaren Seniorenresidenz Bethel in Berlin-Friedrichshain zuende.<\/div>\n<div>Danke noch mal f\u00fcr die sch\u00f6ne Zeit dort (immerhin von Mai 2014 bis gestern).. immer gerne wieder !<\/div>\n<div><\/div>\n<p>Eine Ausstellung geht zuende, die n\u00e4chste steht schon vor der T\u00fcr.<\/p>\n<div>Der Termin f\u00fcr unsere, also Petra und meine, \u00a0kleine Ausstellung im Haus des Gastes in Motzen r\u00fcckt n\u00e4her und endlich werden auch die geplanten Bilder nach und nach fertig&#8230; wird ja auch Zeit. Montag den 2.3.2015 ist Start.<\/div>\n<div><\/div>\n<div>Mit Versiegelung \u00fcberzogen und f\u00fcr fertig erkl\u00e4rt, heute schon mal das erste Bild \u00a0&#8222;Santorini&#8220; (die anderen beiden bekommen nachher erst noch die Versiegelung und dann werden sie geknipst):<\/div>\n<div><\/div>\n<table style=\"margin-left: auto; margin-right: auto; text-align: center; height: 664px;\" width=\"502\" cellspacing=\"0\" cellpadding=\"0\" align=\"center\">\n<tbody>\n<tr>\n<td style=\"text-align: center;\"><a href=\"http:\/\/blog.casaquerbeet.de\/wp-content\/uploads\/2015\/02\/2015_Santorini_100x100x2.jpg\"><img loading=\"lazy\" decoding=\"async\" class=\"aligncenter size-full wp-image-2943\" src=\"http:\/\/blog.casaquerbeet.de\/wp-content\/uploads\/2015\/02\/2015_Santorini_100x100x2.jpg\" alt=\"\" width=\"986\" height=\"1000\" srcset=\"https:\/\/casaquerbeet.de\/wp-content\/uploads\/2015\/02\/2015_Santorini_100x100x2.jpg 986w, https:\/\/casaquerbeet.de\/wp-content\/uploads\/2015\/02\/2015_Santorini_100x100x2-296x300.jpg 296w, https:\/\/casaquerbeet.de\/wp-content\/uploads\/2015\/02\/2015_Santorini_100x100x2-768x779.jpg 768w\" sizes=\"auto, (max-width: 986px) 100vw, 986px\" \/><\/a><\/td>\n<\/tr>\n<tr>\n<td style=\"text-align: center;\">&#8222;Santorini&#8220;, Acryl, 100cm x 100cm x 2cm<\/td>\n<\/tr>\n<\/tbody>\n<\/table>\n<p>&nbsp;<\/p>\n<table style=\"margin-left: auto; margin-right: auto; text-align: center;\" cellspacing=\"0\" cellpadding=\"0\" align=\"center\">\n<tbody>\n<tr>\n<td style=\"text-align: center;\"><a href=\"http:\/\/blog.casaquerbeet.de\/wp-content\/uploads\/2015\/02\/2015_Santorini_100x100x2_Detail.jpg\"><img loading=\"lazy\" decoding=\"async\" class=\"wp-image-2947 aligncenter\" src=\"http:\/\/blog.casaquerbeet.de\/wp-content\/uploads\/2015\/02\/2015_Santorini_100x100x2_Detail-150x150.jpg\" alt=\"\" width=\"401\" height=\"401\" srcset=\"https:\/\/casaquerbeet.de\/wp-content\/uploads\/2015\/02\/2015_Santorini_100x100x2_Detail-150x150.jpg 150w, https:\/\/casaquerbeet.de\/wp-content\/uploads\/2015\/02\/2015_Santorini_100x100x2_Detail-160x160.jpg 160w, https:\/\/casaquerbeet.de\/wp-content\/uploads\/2015\/02\/2015_Santorini_100x100x2_Detail-320x320.jpg 320w\" sizes=\"auto, (max-width: 401px) 100vw, 401px\" \/><\/a><\/td>\n<\/tr>\n<tr>\n<td style=\"text-align: center;\">Detailaufnahme : &#8222;Santorini&#8220;<\/td>\n<\/tr>\n<\/tbody>\n<\/table>\n<p>So, bis morgen dann&#8230;<\/p>\n<div>Liebe Gr\u00fc\u00dfe<\/div>\n<div>Eure Ilka<\/div>\n<div><\/div>\n<div><\/div>\n<div>\n<p>.<\/p>\n<div><\/div>\n<\/div>\n<p><span style=\"border-radius: 2px; text-indent: 20px; width: auto; padding: 0px 4px 0px 0px; text-align: center; font: bold 11px\/20px 'Helvetica Neue',Helvetica,sans-serif; color: #ffffff; background: #bd081c no-repeat scroll 3px 50% \/ 14px 14px; position: absolute; opacity: 1; z-index: 8675309; display: none; cursor: pointer;\">Merken<\/span><\/p>\n<p><span style=\"border-radius: 2px; text-indent: 20px; width: auto; padding: 0px 4px 0px 0px; text-align: center; font: bold 11px\/20px 'Helvetica Neue',Helvetica,sans-serif; color: #ffffff; background: #bd081c no-repeat scroll 3px 50% \/ 14px 14px; position: absolute; opacity: 1; z-index: 8675309; display: none; cursor: pointer; top: 956px; left: 501px;\">Merken<\/span><\/p>\n<p><span style=\"border-radius: 2px; text-indent: 20px; width: auto; padding: 0px 4px 0px 0px; text-align: center; font: bold 11px\/20px 'Helvetica Neue',Helvetica,sans-serif; color: #ffffff; background: #bd081c no-repeat scroll 3px 50% \/ 14px 14px; position: absolute; opacity: 1; z-index: 8675309; display: none; cursor: pointer;\">Merken<\/span><\/p>\n<p><span style=\"border-radius: 2px; text-indent: 20px; width: auto; padding: 0px 4px 0px 0px; text-align: center; font: bold 11px\/20px 'Helvetica Neue',Helvetica,sans-serif; color: #ffffff; background: #bd081c no-repeat scroll 3px 50% \/ 14px 14px; position: absolute; opacity: 1; z-index: 8675309; display: none; cursor: pointer;\">Merken<\/span><\/p>\n<p><span style=\"border-radius: 2px; text-indent: 20px; width: auto; padding: 0px 4px 0px 0px; text-align: center; font: bold 11px\/20px 'Helvetica Neue',Helvetica,sans-serif; color: #ffffff; background: #bd081c  no-repeat scroll 3px 50% \/ 14px 14px; position: absolute; opacity: 1; z-index: 8675309; display: none; cursor: pointer; top: 474px; left: 352px;\">Merken<\/span><\/p>\n","protected":false},"excerpt":{"rendered":"<p>Ja, was gibt es neues ? \u00a0Nicht viel \ud83d\ude42 Der Winter wollte nicht so richtig Winter werden, Schnee gab es fast gar keinen und irgendwie wollte bei mir keine rechte Winterstimmung aufkommen. Schade eigentlich&#46;&#46;&#46;<\/p>\n","protected":false},"author":1,"featured_media":2943,"comment_status":"open","ping_status":"open","sticky":false,"template":"","format":"standard","meta":{"footnotes":""},"categories":[138],"tags":[19,2,153,4],"class_list":["post-34","post","type-post","status-publish","format-standard","has-post-thumbnail","hentry","category-malerei","tag-abstrakt","tag-acryl","tag-acrylmalerei","tag-malerei"],"post_mailing_queue_ids":[],"_links":{"self":[{"href":"https:\/\/casaquerbeet.de\/index.php?rest_route=\/wp\/v2\/posts\/34","targetHints":{"allow":["GET"]}}],"collection":[{"href":"https:\/\/casaquerbeet.de\/index.php?rest_route=\/wp\/v2\/posts"}],"about":[{"href":"https:\/\/casaquerbeet.de\/index.php?rest_route=\/wp\/v2\/types\/post"}],"author":[{"embeddable":true,"href":"https:\/\/casaquerbeet.de\/index.php?rest_route=\/wp\/v2\/users\/1"}],"replies":[{"embeddable":true,"href":"https:\/\/casaquerbeet.de\/index.php?rest_route=%2Fwp%2Fv2%2Fcomments&post=34"}],"version-history":[{"count":7,"href":"https:\/\/casaquerbeet.de\/index.php?rest_route=\/wp\/v2\/posts\/34\/revisions"}],"predecessor-version":[{"id":2951,"href":"https:\/\/casaquerbeet.de\/index.php?rest_route=\/wp\/v2\/posts\/34\/revisions\/2951"}],"wp:featuredmedia":[{"embeddable":true,"href":"https:\/\/casaquerbeet.de\/index.php?rest_route=\/wp\/v2\/media\/2943"}],"wp:attachment":[{"href":"https:\/\/casaquerbeet.de\/index.php?rest_route=%2Fwp%2Fv2%2Fmedia&parent=34"}],"wp:term":[{"taxonomy":"category","embeddable":true,"href":"https:\/\/casaquerbeet.de\/index.php?rest_route=%2Fwp%2Fv2%2Fcategories&post=34"},{"taxonomy":"post_tag","embeddable":true,"href":"https:\/\/casaquerbeet.de\/index.php?rest_route=%2Fwp%2Fv2%2Ftags&post=34"}],"curies":[{"name":"wp","href":"https:\/\/api.w.org\/{rel}","templated":true}]}}